{"id":2265,"date":"2020-01-16T09:39:22","date_gmt":"2020-01-16T08:39:22","guid":{"rendered":"http:\/\/life-eislek.eu\/?p=2265"},"modified":"2020-03-25T09:01:53","modified_gmt":"2020-03-25T08:01:53","slug":"schafwanderungen-2020","status":"publish","type":"post","link":"http:\/\/life-eislek.eu\/fr\/schafwanderungen-2020\/","title":{"rendered":"Schafwanderungen 2020"},"content":{"rendered":"\n<p>Auch dieses Jahr begleiten wir die Herde der Sch\u00e4ferei Weber wieder auf ihrem Weg durch die Naturschutzreserven im Norden des Landes. Im Rahmen des \u00ab\u00a0Dag vun der Natur\u00a0\u00bb erhalten Sie die M\u00f6glichkeit uns zu begleiten und mehr \u00fcber den Naturschutz, die Wandersch\u00e4ferei und die Vorteile einer Bewirtschaftung durch Schafe zu erfahren. <\/p>\n\n\n\n<p class=\"has-text-color has-very-dark-gray-color\">Wir bieten Ihnen folgende Daten an:<\/p>\n\n\n\n<p class=\"has-text-color has-vivid-red-color\"><br><br><strong>18.04.2020: ABSAGE aufgrund der momentanen COVID-19 Pandemie !<\/strong><br>Die Schafe verlassen den Stall und ziehen auf die erste Fr\u00fchjahrsweide. Start: 09:00 h<br>Distanz: +- 9 km<\/p>\n\n\n\n<p class=\"has-text-color has-vivid-red-color\"><strong>Familien-Wanderung 16.05.2020: AUSGEBUCHT !<\/strong><br>Eine k\u00fcrzere Schafwanderung im Kiischpelt, welche extra f\u00fcr Familien und Kinder angeboten wird. Nach der Wanderung bietet das Ouri-Team des Naturpark Ours Aktivit\u00e4ten und Spiele an.  Ans Picknick und die Picknick-Decke denken. <br>Start: 10:00 h<br>Distanz: +- 4 km (hin und zur\u00fcck)<\/p>\n\n\n\n<p><strong>04.07.2020<\/strong><br>Start und Distanz derzeit noch nicht definiert <br><br><strong>Vollmond-Wanderung 02.09.2020<\/strong><br>Begleiten Sie die Schafe durch die anbrechende Nacht! <br>Start: 19:30 h<br><br><strong>10.10.2020<\/strong><br>Start und Distanz derzeit noch nicht definier <\/p>\n\n\n\n<p>Eine <strong>Anmeldung ist erforderlich<\/strong>, da der Treffpunkt erst nach Anmeldung bekannt gegeben wird!  Der Treffpunkt wird einige Tage vor der Wanderung per Mail mitgeteilt. Gegebenenfalls erhalten Sie auch eine Karte zwecks besserem Finden. <br>Die Dynamik einer 250-k\u00f6pfigen Schafherde ist nicht zu untersch\u00e4tzen. Wir m\u00f6chten Sie deshalb darauf hinweisen, dass die Arbeit mit den Schafen eine gewisse <strong>k\u00f6rperliche Fitness<\/strong> voraussetzt. <\/p>\n\n\n\n<p><strong>Anmeldung<\/strong>: <br>natur&amp;emwelt \u2013 Fondation Hellef dir d\u2019Natur<br>Tel: 26908127- 35<br>Mail: <a href=\"mailto:k.jans@naturemwelt.lu\">k.jans@naturemwelt.lu<\/a> <br><br><strong>Preis:<\/strong><br>Erwachsene: &nbsp;&nbsp;&nbsp;&nbsp;&nbsp;&nbsp;&nbsp;&nbsp;&nbsp;&nbsp; &nbsp;&nbsp;&nbsp;&nbsp;&nbsp;&nbsp;&nbsp;&nbsp;&nbsp;&nbsp;&nbsp;&nbsp;&nbsp;&nbsp;&nbsp; 20 \u20ac <br>Kinder unter 13 Jahren: &nbsp;&nbsp;&nbsp;&nbsp;   10 \u20ac<br><br><strong>Organisation:<\/strong><br>natur&amp;emwelt \u2013 Fondation Hellef dir d\u2019Natur <br>Sch\u00e4ferei Weber<br>Naturpark Our<\/p>\n\n\n\n<p><br><\/p>\n<!-- AddThis Advanced Settings generic via filter on the_content --><!-- AddThis Share Buttons generic via filter on the_content -->","protected":false},"excerpt":{"rendered":"<p>Auch dieses Jahr begleiten wir die Herde der Sch\u00e4ferei Weber wieder auf ihrem Weg durch die Naturschutzreserven im Norden des Landes. Im Rahmen des \u00ab\u00a0Dag vun der Natur\u00a0\u00bb erhalten Sie die M\u00f6glichkeit uns zu begleiten und mehr \u00fcber den Naturschutz, die Wandersch\u00e4ferei und die Vorteile einer Bewirtschaftung durch Schafe zu erfahren. Wir bieten Ihnen folgende [&hellip;]<!-- AddThis Advanced Settings generic via filter on get_the_excerpt --><!-- AddThis Share Buttons generic via filter on get_the_excerpt --><\/p>\n","protected":false},"author":2,"featured_media":2236,"comment_status":"closed","ping_status":"closed","sticky":false,"template":"","format":"standard","meta":{"footnotes":""},"categories":[1],"tags":[],"class_list":["post-2265","post","type-post","status-publish","format-standard","hentry","category-uncategorized"],"_links":{"self":[{"href":"http:\/\/life-eislek.eu\/fr\/wp-json\/wp\/v2\/posts\/2265","targetHints":{"allow":["GET"]}}],"collection":[{"href":"http:\/\/life-eislek.eu\/fr\/wp-json\/wp\/v2\/posts"}],"about":[{"href":"http:\/\/life-eislek.eu\/fr\/wp-json\/wp\/v2\/types\/post"}],"author":[{"embeddable":true,"href":"http:\/\/life-eislek.eu\/fr\/wp-json\/wp\/v2\/users\/2"}],"replies":[{"embeddable":true,"href":"http:\/\/life-eislek.eu\/fr\/wp-json\/wp\/v2\/comments?post=2265"}],"version-history":[{"count":7,"href":"http:\/\/life-eislek.eu\/fr\/wp-json\/wp\/v2\/posts\/2265\/revisions"}],"predecessor-version":[{"id":2278,"href":"http:\/\/life-eislek.eu\/fr\/wp-json\/wp\/v2\/posts\/2265\/revisions\/2278"}],"wp:featuredmedia":[{"embeddable":true,"href":"http:\/\/life-eislek.eu\/fr\/wp-json\/wp\/v2\/media\/2236"}],"wp:attachment":[{"href":"http:\/\/life-eislek.eu\/fr\/wp-json\/wp\/v2\/media?parent=2265"}],"wp:term":[{"taxonomy":"category","embeddable":true,"href":"http:\/\/life-eislek.eu\/fr\/wp-json\/wp\/v2\/categories?post=2265"},{"taxonomy":"post_tag","embeddable":true,"href":"http:\/\/life-eislek.eu\/fr\/wp-json\/wp\/v2\/tags?post=2265"}],"curies":[{"name":"wp","href":"https:\/\/api.w.org\/{rel}","templated":true}]}}