{"id":1934,"date":"2017-06-09T17:06:56","date_gmt":"2017-06-09T15:06:56","guid":{"rendered":"http:\/\/life-eislek.eu\/?p=1934"},"modified":"2017-06-09T17:06:56","modified_gmt":"2017-06-09T15:06:56","slug":"besuch-des-grossherzog","status":"publish","type":"post","link":"https:\/\/life-eislek.eu\/fr\/besuch-des-grossherzog\/","title":{"rendered":"Besuch des Gro\u00dfherzog"},"content":{"rendered":"<p>Gemeinsam mit der Umweltministerin Carole Dieschbourg besuchte\u00a0 Gro\u00dfherzog Henri am 26.05.2017 die Ma\u00dfnahmen des LIFE Eislek Projektes. Nach einer Wanderung mit den Schafen und einem Zwischenstopp an den Weiler Weihern, einem R\u00fcckzugsgebiets des Bibers, stellten die Mitarbeiter des LIFE Eislek Teams den neuen Wanderpfad an der L\u00e9resm\u00fchle vor. Auch die Renataurierung der Tretterbaach wurde bei der Besichtigung vorgestellt. In der alten Schule von Sassel erhielten Marcel Thommes, B\u00fcrgermeister der Gemeinde Wintger, und Patrick Losch, Pr\u00e4sident der Stiftung natur&amp;emwelt nochmal die Gelegenheit auf die Bedeutung von Life Projekten hinzuweisen, bevor sich der Gro\u00dfherzog und die Umweltministerin f\u00fcr\u00a0die Einladung bedankten.<\/p>\n<p style=\"text-align: left;\"><a href=\"http:\/\/life-eislek.eu\/wp-content\/uploads\/2017\/06\/IMG_0501.jpg\"><img loading=\"lazy\" decoding=\"async\" class=\"alignleft size-medium wp-image-1936\" alt=\"IMG_0501\" src=\"http:\/\/life-eislek.eu\/wp-content\/uploads\/2017\/06\/IMG_0501-300x225.jpg\" width=\"300\" height=\"225\" srcset=\"https:\/\/life-eislek.eu\/wp-content\/uploads\/2017\/06\/IMG_0501-300x225.jpg 300w, https:\/\/life-eislek.eu\/wp-content\/uploads\/2017\/06\/IMG_0501-1024x768.jpg 1024w, https:\/\/life-eislek.eu\/wp-content\/uploads\/2017\/06\/IMG_0501-768x576.jpg 768w, https:\/\/life-eislek.eu\/wp-content\/uploads\/2017\/06\/IMG_0501-1536x1152.jpg 1536w, https:\/\/life-eislek.eu\/wp-content\/uploads\/2017\/06\/IMG_0501-2048x1536.jpg 2048w\" sizes=\"auto, (max-width: 300px) 100vw, 300px\" \/><\/a> <a href=\"http:\/\/life-eislek.eu\/wp-content\/uploads\/2017\/06\/IMG_0486.jpg\"><img loading=\"lazy\" decoding=\"async\" class=\"alignleft size-medium wp-image-1938\" alt=\"IMG_0486\" src=\"http:\/\/life-eislek.eu\/wp-content\/uploads\/2017\/06\/IMG_0486-300x225.jpg\" width=\"300\" height=\"225\" srcset=\"https:\/\/life-eislek.eu\/wp-content\/uploads\/2017\/06\/IMG_0486-300x225.jpg 300w, https:\/\/life-eislek.eu\/wp-content\/uploads\/2017\/06\/IMG_0486-1024x768.jpg 1024w, https:\/\/life-eislek.eu\/wp-content\/uploads\/2017\/06\/IMG_0486-768x576.jpg 768w, https:\/\/life-eislek.eu\/wp-content\/uploads\/2017\/06\/IMG_0486-1536x1152.jpg 1536w, https:\/\/life-eislek.eu\/wp-content\/uploads\/2017\/06\/IMG_0486-2048x1536.jpg 2048w\" sizes=\"auto, (max-width: 300px) 100vw, 300px\" \/><\/a><\/p>\n<!-- AddThis Advanced Settings generic via filter on the_content --><!-- AddThis Share Buttons generic via filter on the_content -->","protected":false},"excerpt":{"rendered":"<p>Gemeinsam mit der Umweltministerin Carole Dieschbourg besuchte\u00a0 Gro\u00dfherzog Henri am 26.05.2017 die Ma\u00dfnahmen des LIFE Eislek Projektes. Nach einer Wanderung mit den Schafen und einem Zwischenstopp an den Weiler Weihern, einem R\u00fcckzugsgebiets des Bibers, stellten die Mitarbeiter des LIFE Eislek Teams den neuen Wanderpfad an der L\u00e9resm\u00fchle vor. Auch die Renataurierung der Tretterbaach wurde bei [&hellip;]<!-- AddThis Advanced Settings generic via filter on get_the_excerpt --><!-- AddThis Share Buttons generic via filter on get_the_excerpt --><\/p>\n","protected":false},"author":2,"featured_media":0,"comment_status":"closed","ping_status":"closed","sticky":false,"template":"","format":"standard","meta":{"footnotes":""},"categories":[1],"tags":[],"class_list":["post-1934","post","type-post","status-publish","format-standard","hentry","category-uncategorized"],"_links":{"self":[{"href":"https:\/\/life-eislek.eu\/fr\/wp-json\/wp\/v2\/posts\/1934","targetHints":{"allow":["GET"]}}],"collection":[{"href":"https:\/\/life-eislek.eu\/fr\/wp-json\/wp\/v2\/posts"}],"about":[{"href":"https:\/\/life-eislek.eu\/fr\/wp-json\/wp\/v2\/types\/post"}],"author":[{"embeddable":true,"href":"https:\/\/life-eislek.eu\/fr\/wp-json\/wp\/v2\/users\/2"}],"replies":[{"embeddable":true,"href":"https:\/\/life-eislek.eu\/fr\/wp-json\/wp\/v2\/comments?post=1934"}],"version-history":[{"count":10,"href":"https:\/\/life-eislek.eu\/fr\/wp-json\/wp\/v2\/posts\/1934\/revisions"}],"predecessor-version":[{"id":1948,"href":"https:\/\/life-eislek.eu\/fr\/wp-json\/wp\/v2\/posts\/1934\/revisions\/1948"}],"wp:attachment":[{"href":"https:\/\/life-eislek.eu\/fr\/wp-json\/wp\/v2\/media?parent=1934"}],"wp:term":[{"taxonomy":"category","embeddable":true,"href":"https:\/\/life-eislek.eu\/fr\/wp-json\/wp\/v2\/categories?post=1934"},{"taxonomy":"post_tag","embeddable":true,"href":"https:\/\/life-eislek.eu\/fr\/wp-json\/wp\/v2\/tags?post=1934"}],"curies":[{"name":"wp","href":"https:\/\/api.w.org\/{rel}","templated":true}]}}