{"id":2213,"date":"2019-04-24T09:54:27","date_gmt":"2019-04-24T07:54:27","guid":{"rendered":"http:\/\/life-eislek.eu\/?p=2213"},"modified":"2019-04-24T09:54:29","modified_gmt":"2019-04-24T07:54:29","slug":"start-in-die-beweidungs-saison","status":"publish","type":"post","link":"https:\/\/life-eislek.eu\/fr\/start-in-die-beweidungs-saison\/","title":{"rendered":"Start in die Beweidungs-Saison"},"content":{"rendered":"\n<p>Man kann es fast als Tradition ansehen: der Start in die Beweidungssaison f\u00fcr die Schafe der Sch\u00e4ferei Weber, welcher von zahlreichen Besuchern der Kampagne \u00ab\u00a0Wandersch\u00e4fer f\u00fcr einen Tag\u00a0\u00bb begleitet wird.<br>Auch dieses Jahr ging es vom Stall aus auf eine Heidefl\u00e4che, von wo aus die Schafherde \u00fcber das ganze Jahr verschiedene Fl\u00e4chen von natur&amp;emwelt im \u00d6sling beweiden wird. Eine zweite Herde ist mittlerweile auch im Osten und S\u00fcden des Landes unterwegs.<\/p>\n\n\n\n<p>Die Schafe spielen f\u00fcr die Biodiversit\u00e4t eine wichtige Rolle. Zum Einen sind sie nat\u00fcrliche Rasenm\u00e4her, welche die offenen Gebiete vor der Verbuschung bewahren. Zum Anderen sorgen sie f\u00fcr den genetischen Austausch der Fl\u00e4che indem Samen anhand Kot und Wolle transportiert werden und somit f\u00fcr eine Verbindung der Biotope sorgen. <\/p>\n\n\n\n<figure class=\"wp-block-image\"><img loading=\"lazy\" decoding=\"async\" width=\"1024\" height=\"498\" src=\"http:\/\/life-eislek.eu\/wp-content\/uploads\/2019\/04\/20190420_092951-1024x498.jpg\" alt=\"\" class=\"wp-image-2214\" srcset=\"https:\/\/life-eislek.eu\/wp-content\/uploads\/2019\/04\/20190420_092951-1024x498.jpg 1024w, https:\/\/life-eislek.eu\/wp-content\/uploads\/2019\/04\/20190420_092951-300x146.jpg 300w, https:\/\/life-eislek.eu\/wp-content\/uploads\/2019\/04\/20190420_092951-768x373.jpg 768w, https:\/\/life-eislek.eu\/wp-content\/uploads\/2019\/04\/20190420_092951-1536x747.jpg 1536w, https:\/\/life-eislek.eu\/wp-content\/uploads\/2019\/04\/20190420_092951-2048x996.jpg 2048w\" sizes=\"auto, (max-width: 1024px) 100vw, 1024px\" \/><\/figure>\n\n\n\n<figure class=\"wp-block-image\"><img loading=\"lazy\" decoding=\"async\" width=\"1024\" height=\"498\" src=\"http:\/\/life-eislek.eu\/wp-content\/uploads\/2019\/04\/20190420_101345-1024x498.jpg\" alt=\"\" class=\"wp-image-2215\" srcset=\"https:\/\/life-eislek.eu\/wp-content\/uploads\/2019\/04\/20190420_101345-1024x498.jpg 1024w, https:\/\/life-eislek.eu\/wp-content\/uploads\/2019\/04\/20190420_101345-300x146.jpg 300w, https:\/\/life-eislek.eu\/wp-content\/uploads\/2019\/04\/20190420_101345-768x373.jpg 768w, https:\/\/life-eislek.eu\/wp-content\/uploads\/2019\/04\/20190420_101345-1536x747.jpg 1536w, https:\/\/life-eislek.eu\/wp-content\/uploads\/2019\/04\/20190420_101345-2048x996.jpg 2048w\" sizes=\"auto, (max-width: 1024px) 100vw, 1024px\" \/><\/figure>\n\n\n\n<figure class=\"wp-block-image\"><img loading=\"lazy\" decoding=\"async\" width=\"1024\" height=\"498\" src=\"http:\/\/life-eislek.eu\/wp-content\/uploads\/2019\/04\/20190420_115613-1024x498.jpg\" alt=\"\" class=\"wp-image-2216\" srcset=\"https:\/\/life-eislek.eu\/wp-content\/uploads\/2019\/04\/20190420_115613-1024x498.jpg 1024w, https:\/\/life-eislek.eu\/wp-content\/uploads\/2019\/04\/20190420_115613-300x146.jpg 300w, https:\/\/life-eislek.eu\/wp-content\/uploads\/2019\/04\/20190420_115613-768x373.jpg 768w, https:\/\/life-eislek.eu\/wp-content\/uploads\/2019\/04\/20190420_115613-1536x747.jpg 1536w, https:\/\/life-eislek.eu\/wp-content\/uploads\/2019\/04\/20190420_115613-2048x996.jpg 2048w\" sizes=\"auto, (max-width: 1024px) 100vw, 1024px\" \/><\/figure>\n\n\n\n<p><br><\/p>\n<!-- AddThis Advanced Settings generic via filter on the_content --><!-- AddThis Share Buttons generic via filter on the_content -->","protected":false},"excerpt":{"rendered":"<p>Man kann es fast als Tradition ansehen: der Start in die Beweidungssaison f\u00fcr die Schafe der Sch\u00e4ferei Weber, welcher von zahlreichen Besuchern der Kampagne \u00ab\u00a0Wandersch\u00e4fer f\u00fcr einen Tag\u00a0\u00bb begleitet wird.Auch dieses Jahr ging es vom Stall aus auf eine Heidefl\u00e4che, von wo aus die Schafherde \u00fcber das ganze Jahr verschiedene Fl\u00e4chen von natur&amp;emwelt im \u00d6sling [&hellip;]<!-- AddThis Advanced Settings generic via filter on get_the_excerpt --><!-- AddThis Share Buttons generic via filter on get_the_excerpt --><\/p>\n","protected":false},"author":2,"featured_media":2217,"comment_status":"closed","ping_status":"closed","sticky":false,"template":"","format":"standard","meta":{"footnotes":""},"categories":[1],"tags":[],"class_list":["post-2213","post","type-post","status-publish","format-standard","hentry","category-uncategorized"],"_links":{"self":[{"href":"https:\/\/life-eislek.eu\/fr\/wp-json\/wp\/v2\/posts\/2213","targetHints":{"allow":["GET"]}}],"collection":[{"href":"https:\/\/life-eislek.eu\/fr\/wp-json\/wp\/v2\/posts"}],"about":[{"href":"https:\/\/life-eislek.eu\/fr\/wp-json\/wp\/v2\/types\/post"}],"author":[{"embeddable":true,"href":"https:\/\/life-eislek.eu\/fr\/wp-json\/wp\/v2\/users\/2"}],"replies":[{"embeddable":true,"href":"https:\/\/life-eislek.eu\/fr\/wp-json\/wp\/v2\/comments?post=2213"}],"version-history":[{"count":2,"href":"https:\/\/life-eislek.eu\/fr\/wp-json\/wp\/v2\/posts\/2213\/revisions"}],"predecessor-version":[{"id":2222,"href":"https:\/\/life-eislek.eu\/fr\/wp-json\/wp\/v2\/posts\/2213\/revisions\/2222"}],"wp:featuredmedia":[{"embeddable":true,"href":"https:\/\/life-eislek.eu\/fr\/wp-json\/wp\/v2\/media\/2217"}],"wp:attachment":[{"href":"https:\/\/life-eislek.eu\/fr\/wp-json\/wp\/v2\/media?parent=2213"}],"wp:term":[{"taxonomy":"category","embeddable":true,"href":"https:\/\/life-eislek.eu\/fr\/wp-json\/wp\/v2\/categories?post=2213"},{"taxonomy":"post_tag","embeddable":true,"href":"https:\/\/life-eislek.eu\/fr\/wp-json\/wp\/v2\/tags?post=2213"}],"curies":[{"name":"wp","href":"https:\/\/api.w.org\/{rel}","templated":true}]}}