{"id":2256,"date":"2019-10-16T09:40:52","date_gmt":"2019-10-16T07:40:52","guid":{"rendered":"http:\/\/life-eislek.eu\/?p=2256"},"modified":"2019-10-16T09:40:54","modified_gmt":"2019-10-16T07:40:54","slug":"schafwanderung-am-12-10-2019","status":"publish","type":"post","link":"https:\/\/life-eislek.eu\/fr\/schafwanderung-am-12-10-2019\/","title":{"rendered":"Schafwanderung am 12.10.2019"},"content":{"rendered":"\n<p>Am Samstag, den 12.10.2019 fand eine weitere gef\u00fchrte Schafwanderung mit der Wandersch\u00e4ferei Weber statt. Von Asselborn aus ging es entlang des Tretterbaachs Richtung Wincrange in das Naturschutzgebiet Ramescher. Die Route f\u00fchrte durch das Natura 2000-Gebiet Tretterbaach entlang zahlreicher Fl\u00e4chen von natur&amp;emwelt wie etwa der Asselborner Follm\u00fchle, der Emeschbach und L\u00e9resmillen sowie dem Ramescher. Unterwegs erhielten die Wanderer von den Mitarbeitern der Sch\u00e4ferei, natur&amp;emwelt sowie dem Naturpark Our Erkl\u00e4rungen \u00fcber die Schafe, das Leben als Sch\u00e4fer, die Region und den Naturschutz.<\/p>\n\n\n\n<figure class=\"wp-block-image\"><img loading=\"lazy\" decoding=\"async\" width=\"1024\" height=\"768\" src=\"http:\/\/life-eislek.eu\/wp-content\/uploads\/2019\/10\/IMG_8590-1024x768.jpg\" alt=\"\" class=\"wp-image-2257\" srcset=\"https:\/\/life-eislek.eu\/wp-content\/uploads\/2019\/10\/IMG_8590-1024x768.jpg 1024w, https:\/\/life-eislek.eu\/wp-content\/uploads\/2019\/10\/IMG_8590-300x225.jpg 300w, https:\/\/life-eislek.eu\/wp-content\/uploads\/2019\/10\/IMG_8590-768x576.jpg 768w, https:\/\/life-eislek.eu\/wp-content\/uploads\/2019\/10\/IMG_8590-1536x1152.jpg 1536w, https:\/\/life-eislek.eu\/wp-content\/uploads\/2019\/10\/IMG_8590.jpg 2048w\" sizes=\"auto, (max-width: 1024px) 100vw, 1024px\" \/><\/figure>\n\n\n\n<p>Auch im Jahr 2020 werden wieder Schafwanderungen angeboten werden. Die Daten werden zeitnah auf den betreffenden Internetseiten ver\u00f6ffentlicht.<\/p>\n\n\n\n<figure class=\"wp-block-image\"><img loading=\"lazy\" decoding=\"async\" width=\"1024\" height=\"768\" src=\"http:\/\/life-eislek.eu\/wp-content\/uploads\/2019\/10\/IMG_8595-1024x768.jpg\" alt=\"\" class=\"wp-image-2259\" srcset=\"https:\/\/life-eislek.eu\/wp-content\/uploads\/2019\/10\/IMG_8595-1024x768.jpg 1024w, https:\/\/life-eislek.eu\/wp-content\/uploads\/2019\/10\/IMG_8595-300x225.jpg 300w, https:\/\/life-eislek.eu\/wp-content\/uploads\/2019\/10\/IMG_8595-768x576.jpg 768w, https:\/\/life-eislek.eu\/wp-content\/uploads\/2019\/10\/IMG_8595-1536x1152.jpg 1536w, https:\/\/life-eislek.eu\/wp-content\/uploads\/2019\/10\/IMG_8595.jpg 2048w\" sizes=\"auto, (max-width: 1024px) 100vw, 1024px\" \/><\/figure>\n\n\n\n<p><\/p>\n<!-- AddThis Advanced Settings generic via filter on the_content --><!-- AddThis Share Buttons generic via filter on the_content -->","protected":false},"excerpt":{"rendered":"<p>Am Samstag, den 12.10.2019 fand eine weitere gef\u00fchrte Schafwanderung mit der Wandersch\u00e4ferei Weber statt. Von Asselborn aus ging es entlang des Tretterbaachs Richtung Wincrange in das Naturschutzgebiet Ramescher. Die Route f\u00fchrte durch das Natura 2000-Gebiet Tretterbaach entlang zahlreicher Fl\u00e4chen von natur&amp;emwelt wie etwa der Asselborner Follm\u00fchle, der Emeschbach und L\u00e9resmillen sowie dem Ramescher. Unterwegs erhielten [&hellip;]<!-- AddThis Advanced Settings generic via filter on get_the_excerpt --><!-- AddThis Share Buttons generic via filter on get_the_excerpt --><\/p>\n","protected":false},"author":2,"featured_media":2258,"comment_status":"closed","ping_status":"closed","sticky":false,"template":"","format":"standard","meta":{"footnotes":""},"categories":[1],"tags":[],"class_list":["post-2256","post","type-post","status-publish","format-standard","hentry","category-uncategorized"],"_links":{"self":[{"href":"https:\/\/life-eislek.eu\/fr\/wp-json\/wp\/v2\/posts\/2256","targetHints":{"allow":["GET"]}}],"collection":[{"href":"https:\/\/life-eislek.eu\/fr\/wp-json\/wp\/v2\/posts"}],"about":[{"href":"https:\/\/life-eislek.eu\/fr\/wp-json\/wp\/v2\/types\/post"}],"author":[{"embeddable":true,"href":"https:\/\/life-eislek.eu\/fr\/wp-json\/wp\/v2\/users\/2"}],"replies":[{"embeddable":true,"href":"https:\/\/life-eislek.eu\/fr\/wp-json\/wp\/v2\/comments?post=2256"}],"version-history":[{"count":1,"href":"https:\/\/life-eislek.eu\/fr\/wp-json\/wp\/v2\/posts\/2256\/revisions"}],"predecessor-version":[{"id":2260,"href":"https:\/\/life-eislek.eu\/fr\/wp-json\/wp\/v2\/posts\/2256\/revisions\/2260"}],"wp:featuredmedia":[{"embeddable":true,"href":"https:\/\/life-eislek.eu\/fr\/wp-json\/wp\/v2\/media\/2258"}],"wp:attachment":[{"href":"https:\/\/life-eislek.eu\/fr\/wp-json\/wp\/v2\/media?parent=2256"}],"wp:term":[{"taxonomy":"category","embeddable":true,"href":"https:\/\/life-eislek.eu\/fr\/wp-json\/wp\/v2\/categories?post=2256"},{"taxonomy":"post_tag","embeddable":true,"href":"https:\/\/life-eislek.eu\/fr\/wp-json\/wp\/v2\/tags?post=2256"}],"curies":[{"name":"wp","href":"https:\/\/api.w.org\/{rel}","templated":true}]}}